{"id":329,"date":"2019-05-29T15:46:32","date_gmt":"2019-05-29T14:46:32","guid":{"rendered":"http:\/\/lecturessurlherbe.fr\/?p=329"},"modified":"2019-05-30T14:16:00","modified_gmt":"2019-05-30T13:16:00","slug":"sebastien-joanniez","status":"publish","type":"post","link":"https:\/\/lecturessurlherbe.fr\/index.php\/2019\/05\/29\/sebastien-joanniez\/","title":{"rendered":"S\u00e9bastien JOANNIEZ"},"content":{"rendered":"\n<figure class=\"wp-block-image\"><img loading=\"lazy\" decoding=\"async\" width=\"1024\" height=\"681\" src=\"https:\/\/lecturessurlherbe.fr\/wp-content\/uploads\/2019\/05\/photo-emile-zeizig-1024x681.jpg\" alt=\"\" class=\"wp-image-344\" srcset=\"https:\/\/lecturessurlherbe.fr\/wp-content\/uploads\/2019\/05\/photo-emile-zeizig-1024x681.jpg 1024w, https:\/\/lecturessurlherbe.fr\/wp-content\/uploads\/2019\/05\/photo-emile-zeizig-300x200.jpg 300w, https:\/\/lecturessurlherbe.fr\/wp-content\/uploads\/2019\/05\/photo-emile-zeizig-768x511.jpg 768w, https:\/\/lecturessurlherbe.fr\/wp-content\/uploads\/2019\/05\/photo-emile-zeizig-150x100.jpg 150w\" sizes=\"auto, (max-width: 1024px) 100vw, 1024px\" \/><\/figure>\n\n\n\n<p>\nN\u00e9 en 1974, S\u00e9bastien Joanniez commence par le th\u00e9\u00e2tre, \u00e0 Lyon, o\u00f9 il travaille comme\n<strong>auteur, metteur en sc\u00e8ne\n<\/strong>et<strong>\n com\u00e9dien<\/strong>.&nbsp;<\/p>\n\n\n\n<p>\n<strong>Publi\u00e9e<\/strong>\n chez diff\u00e9rents \u00e9diteurs (Rouergue, Sarbacane, Espaces 34, Color Gang, \nTh\u00e9\u00e2trales, Gros Textes, Pastel), son \u0153uvre alterne litt\u00e9rature jeunesse\n et adultes, roman, th\u00e9\u00e2tre, po\u00e9sie, essai, album, chronique de voyage, \ncin\u00e9ma, chanson.<\/p>\n\n\n\n<p>\nSon roman<em>\n Marabout d\u2019ficelle <\/em>(\u00c9ditions du Rouergue) re\u00e7oit le\n<strong>Prix J\u2019aime lire<\/strong>\n (prix d\u00e9cern\u00e9 par les enfants) au Salon de Montreuil en 2002<em>.\n<\/em>Devenu\n<em>Ein Zwilling f\u00fcr Leo<\/em>\n aux Editions Beltz (Allemagne), ce roman est s\u00e9lectionn\u00e9 au Deutscher Jugendliteraturpreis &#8211; Foire du livre de Francfort 2008.<\/p>\n\n\n\n<p>\nSa pi\u00e8ce,\n<em>D\u00e9sarm\u00e9s &#8211; Cantique\n<\/em>(\u00c9ditions Espaces 34), obtient le\n<strong>Prix<\/strong>\n<strong>Collidram<\/strong>\n (prix de litt\u00e9rature dramatique pour les coll\u00e9giens) en 2008.<\/p>\n\n\n\n<p>\nSa pi\u00e8ce\n<em>Stroboscopie<\/em>\n (\u00c9ditions Th\u00e9\u00e2trales) est finaliste du Grand Prix de litt\u00e9rature dramatique 2016.<\/p>\n\n\n\n<p>\nSa pi\u00e8ce\n<em>Chouf<\/em>\n (\u00c9ditions Espaces 34) est finaliste du Prix Sony Labou-Tansi 2017 (prix francophone des lyc\u00e9ens).<\/p>\n\n\n\n<p>\nSa pi\u00e8ce\n<em>Moins un<\/em>\n est finaliste de l\u2019In\u00e9dith\u00e9\u00e2tre 2017 (prix des lyc\u00e9ens fran\u00e7ais).<\/p>\n\n\n\n<p>\nSa pi\u00e8ce<em>\n En bas c&rsquo;est moi<\/em> (<em>It&rsquo;s\n me down there<\/em>),\n<strong>traduite<\/strong>\n en anglais, est cr\u00e9\u00e9e au hotINK International Play Reading Festival 2009 &#8211; New York.<\/p>\n\n\n\n<p>\nDeux de ses livres aux \u00c9ditions du Rouergue, le roman<em>\n Noir Grand <\/em>et l\u2019album\n<em>Entrez,<\/em>\n sont <strong>traduits<\/strong>\n et publi\u00e9s en Cor\u00e9e du Sud (Sanha Publishing et Woongjin).<\/p>\n\n\n\n<p>\n<strong>Auteur et com\u00e9dien<\/strong>,\n il lit \u00e0 haute voix ses textes, et participe \u00e0 de nombreux projets \n(ateliers d\u2019\u00e9criture, rencontres, sc\u00e8nes ouvertes&#8230;) dans les milieux \nscolaires, psychiatriques, p\u00e9nitentiaires, associatifs, institutionnels.<\/p>\n\n\n\n<p>\nArriv\u00e9 en Ard\u00e8che, il\n<strong>programme et organise<\/strong>\n le Festival <em>Essayages<\/em>\n depuis 2008, avec une multitude de partenaires, qui invite des auteurs \u00e0 lire eux-m\u00eames un de leurs textes inachev\u00e9s en public.&nbsp;<\/p>\n\n\n\n<p>\nIl\n<strong>collabore<\/strong>\n fr\u00e9quemment avec des musiciens, des plasticiens, des metteurs en sc\u00e8ne,\n des com\u00e9diens, r\u00e9pond \u00e0 des commandes d\u2019\u00e9criture, s\u2019installe en \nr\u00e9sidence dans les classes, les immeubles, les th\u00e9\u00e2tres, les \nbiblioth\u00e8ques, chez l\u2019habitant, \u00e0 l\u2019\u00e9tranger ou en France.<\/p>\n\n\n\n<p><strong>Aux Editions du Rouergue&nbsp;:<\/strong><\/p>\n\n\n\n<p><em>Marabout d\u2019ficelle<\/em> \u2013 2002 \u2013 roman (Coll. Zigzag)&nbsp;<\/p>\n\n\n\n<p><em>Terminus No\u00ebl<\/em> \u2013 2002 \u2013 roman (Coll. DoAdo) &#8211; \u00e9puis\u00e9<\/p>\n\n\n\n<p><em>C\u2019est loin d\u2019aller o\u00f9<\/em> \u2013 2003 \u2013 roman (Coll. DoAdo)<\/p>\n\n\n\n<p><em>M\u00eame les nuages je sais pas d\u2019o\u00f9 ils viennent<\/em> \u2013 2005 \u2013 roman (Coll.\n Zigzag)<\/p>\n\n\n\n<p><em>Entrez<\/em> \u2013 2010 \u2013 album<\/p>\n\n\n\n<p><em>Noir grand<\/em> \u2013 2012 \u2013 roman (Coll. Dacodac)<\/p>\n\n\n\n<p><em>Vampires, cartable et po\u00e9sie<\/em> \u2013 2013 \u2013 roman (Coll. Dacodac)&nbsp;<\/p>\n\n\n\n<p><em>J&rsquo;aime pas ma soeur<\/em> \u2013 2013 \u2013 roman (Coll. Boomerang)<\/p>\n\n\n\n<p><strong>Aux Editions Sarbacane&nbsp;:<\/strong><\/p>\n\n\n\n<p><em>Je fais ce que je peux<\/em> \u2013 2004 \u2013 album &#8211; \u00e9puis\u00e9<\/p>\n\n\n\n<p><em>Fred et Fred<\/em> \u2013 2005 \u2013 album &#8211; \u00e9puis\u00e9<\/p>\n\n\n\n<p><em>Treizi\u00e8me avenir<\/em> \u2013 2006 \u2013 roman (Coll. Exprim&rsquo;) &#8211; \u00e9puis\u00e9<\/p>\n\n\n\n<p><em>Camping<\/em> \u2013 2014 \u2013 album&nbsp;<\/p>\n\n\n\n<p><strong>Aux Editions Espaces 34&nbsp;:<\/strong><\/p>\n\n\n\n<p><em>Des lambeaux noirs dans l\u2019eau du bain<\/em> \u2013 2005 \u2013 th\u00e9\u00e2tre<\/p>\n\n\n\n<p><em>D\u00e9sarm\u00e9s<\/em> \u2013 2007 \u2013 th\u00e9\u00e2tre<\/p>\n\n\n\n<p><em>Le petit matin de mourir<\/em> \u2013 2010 \u2013 th\u00e9\u00e2tre<\/p>\n\n\n\n<p><em>Chouf<\/em> \u2013 2014 \u2013 th\u00e9\u00e2tre<\/p>\n\n\n\n<p><strong>Aux Editions Color Gang&nbsp;:<\/strong><\/p>\n\n\n\n<p><em>Trop tard c\u2019est bient\u00f4t<\/em> \u2013 2007 \u2013 th\u00e9\u00e2tre<\/p>\n\n\n\n<p><em>Dans quels d\u00e9serts tu ranges tes soifs&nbsp;?<\/em> \u2013 2007 \u2013 th\u00e9\u00e2tre<\/p>\n\n\n\n<p><em>Cluemo<\/em> (<em>R\u00e9cit-dictionnaire\n d&rsquo;une aventure litt\u00e9raire sur Internet<\/em>) \u2013 2010 \u2013 essai<\/p>\n\n\n\n<p><strong>Aux \u00c9ditions Th\u00e9\u00e2trales :<\/strong><\/p>\n\n\n\n<p><em>Stroboscopie<\/em> \u2013 2015 \u2013 th\u00e9\u00e2tre<\/p>\n\n\n\n<p><em>Moi aussi<\/em> (in Divers Cit\u00e9s 2) \u2013 2018 \u2013 th\u00e9\u00e2tre<\/p>\n\n\n\n<p><strong>Aux \u00c9ditions Gros Textes :<\/strong><\/p>\n\n\n\n<p><em>\u00c7a sur moi<\/em> \u2013 2018 \u2013 po\u00e9sie<\/p>\n\n\n\n<p><strong>Aux \u00c9ditions L\u2019\u00e9tag\u00e8re du bas :<\/strong><\/p>\n\n\n\n<p><em>Moi mon ombre<\/em> \u2013 2019 \u2013 album<\/p>\n\n\n\n<p><strong>Aux \u00c9ditions Pastel :<\/strong><\/p>\n\n\n\n<p><em>Moins b\u00eate<\/em>\u2013 automne 2019 \u2013 album<\/p>\n","protected":false},"excerpt":{"rendered":"<p>N\u00e9 en 1974, S\u00e9bastien Joanniez commence par le th\u00e9\u00e2tre, \u00e0 Lyon, o\u00f9 il travaille comme auteur, metteur en sc\u00e8ne et com\u00e9dien.&nbsp; Publi\u00e9e chez diff\u00e9rents \u00e9diteurs (Rouergue, Sarbacane, Espaces 34, Color Gang, Th\u00e9\u00e2trales, Gros Textes, Pastel), son \u0153uvre alterne litt\u00e9rature jeunesse et adultes, roman, th\u00e9\u00e2tre, po\u00e9sie, essai, album, chronique de voyage, \u2026<\/p>\n<p class=\"continue-reading-button\"> <a class=\"continue-reading-link\" href=\"https:\/\/lecturessurlherbe.fr\/index.php\/2019\/05\/29\/sebastien-joanniez\/\">Lire la suite<i class=\"crycon-right-dir\"><\/i><\/a><\/p>\n","protected":false},"author":1,"featured_media":0,"comment_status":"open","ping_status":"open","sticky":false,"template":"","format":"standard","meta":{"footnotes":""},"categories":[7,4,2,3,5],"tags":[],"class_list":["post-329","post","type-post","status-publish","format-standard","hentry","category-peyroche","category-ruoms","category-lundi-16-juillet","category-mardi-17-juillet","category-st-alban"],"_links":{"self":[{"href":"https:\/\/lecturessurlherbe.fr\/index.php\/wp-json\/wp\/v2\/posts\/329","targetHints":{"allow":["GET"]}}],"collection":[{"href":"https:\/\/lecturessurlherbe.fr\/index.php\/wp-json\/wp\/v2\/posts"}],"about":[{"href":"https:\/\/lecturessurlherbe.fr\/index.php\/wp-json\/wp\/v2\/types\/post"}],"author":[{"embeddable":true,"href":"https:\/\/lecturessurlherbe.fr\/index.php\/wp-json\/wp\/v2\/users\/1"}],"replies":[{"embeddable":true,"href":"https:\/\/lecturessurlherbe.fr\/index.php\/wp-json\/wp\/v2\/comments?post=329"}],"version-history":[{"count":2,"href":"https:\/\/lecturessurlherbe.fr\/index.php\/wp-json\/wp\/v2\/posts\/329\/revisions"}],"predecessor-version":[{"id":345,"href":"https:\/\/lecturessurlherbe.fr\/index.php\/wp-json\/wp\/v2\/posts\/329\/revisions\/345"}],"wp:attachment":[{"href":"https:\/\/lecturessurlherbe.fr\/index.php\/wp-json\/wp\/v2\/media?parent=329"}],"wp:term":[{"taxonomy":"category","embeddable":true,"href":"https:\/\/lecturessurlherbe.fr\/index.php\/wp-json\/wp\/v2\/categories?post=329"},{"taxonomy":"post_tag","embeddable":true,"href":"https:\/\/lecturessurlherbe.fr\/index.php\/wp-json\/wp\/v2\/tags?post=329"}],"curies":[{"name":"wp","href":"https:\/\/api.w.org\/{rel}","templated":true}]}}