{"id":274,"date":"2019-05-04T09:16:48","date_gmt":"2019-05-04T08:16:48","guid":{"rendered":"http:\/\/lecturessurlherbe.fr\/?p=274"},"modified":"2019-05-30T15:53:11","modified_gmt":"2019-05-30T14:53:11","slug":"jeu-de-piste","status":"publish","type":"post","link":"https:\/\/lecturessurlherbe.fr\/index.php\/2019\/05\/04\/jeu-de-piste\/","title":{"rendered":"Jeu de piste"},"content":{"rendered":"<p><b><span style=\"color: #000000;\"><span style=\"font-family: Arial, sans-serif;\">Jeu de piste<\/span><\/span><\/b><span style=\"color: #000000;\"><span style=\"font-family: Arial, sans-serif;\">&nbsp;avec <\/span><\/span><span style=\"color: #943634;\"><span style=\"font-family: Arial, sans-serif;\"><b>l\u2019association M\u00e9diacom<\/b><\/span><\/span><span style=\"color: #000000;\"><span style=\"font-family: Arial, sans-serif;\"> \u00e0 partir d&rsquo;une s\u00e9lection de livres sur la th\u00e9matique des arbres&nbsp;:<br \/>\n<\/span><\/span><span style=\"color: #000000;\"><span style=\"font-family: Arial, sans-serif;\"><span style=\"font-size: small;\">&#8211;<\/span><\/span><\/span><span style=\"color: #000000;\"><span style=\"font-family: Arial, sans-serif;\"><span style=\"font-size: small;\"><i>Le baron perch\u00e9 <\/i><\/span><\/span><\/span><span style=\"color: #000000;\"><span style=\"font-family: Arial, sans-serif;\"><span style=\"font-size: small;\">\/ Italo Calvino <\/span><\/span><\/span><\/p>\n<p><span style=\"font-family: Calibri, sans-serif;\"><span style=\"font-family: Arial, sans-serif;\"><span style=\"font-size: small;\">&#8211;<\/span><\/span><span style=\"font-family: Arial, sans-serif;\"><span style=\"font-size: small;\"><i>Voyage au pays des arbres <\/i><\/span><\/span><span style=\"font-family: Arial, sans-serif;\"><span style=\"font-size: small;\">\/ Le Clezio <\/span><\/span><\/span><\/p>\n<p><span style=\"font-family: Calibri, sans-serif;\"><span style=\"font-family: Arial, sans-serif;\"><span style=\"font-size: small;\">&#8211;<\/span><\/span><span style=\"font-family: Arial, sans-serif;\"><span style=\"font-size: small;\"><i>L\u2019arbre lecteur <\/i><\/span><\/span><span style=\"font-family: Arial, sans-serif;\"><span style=\"font-size: small;\">\/ Davide Cali <\/span><\/span><\/span><\/p>\n<p><span style=\"font-family: Arial, sans-serif;\"><span style=\"font-size: small;\">-L\u2019arbre en bois \/ Philippe Corentin <\/span><\/span><\/p>\n<p><span style=\"font-family: Calibri, sans-serif;\"><span style=\"font-family: Arial, sans-serif;\"><span style=\"font-size: small;\">&#8211;<\/span><\/span><span style=\"font-family: Arial, sans-serif;\"><span style=\"font-size: small;\"><i>L\u2019arbre sans fin <\/i><\/span><\/span><span style=\"font-family: Arial, sans-serif;\"><span style=\"font-size: small;\">\/ Claude Ponty <\/span><\/span><\/span><\/p>\n<p><span style=\"font-family: Calibri, sans-serif;\"><span style=\"font-family: Arial, sans-serif;\"><span style=\"font-size: small;\">&#8211;<\/span><\/span><span style=\"font-family: Arial, sans-serif;\"><span style=\"font-size: small;\"><i>Les deux vieux et l\u2019arbre de vie <\/i><\/span><\/span><span style=\"font-family: Arial, sans-serif;\"><span style=\"font-size: small;\">\/ Patrick Fischmann <\/span><\/span><\/span><\/p>\n<p><span style=\"font-family: Calibri, sans-serif;\"><span style=\"font-family: Arial, sans-serif;\"><span style=\"font-size: small;\">&#8211;<\/span><\/span><span style=\"font-family: Arial, sans-serif;\"><span style=\"font-size: small;\"><i>L\u2019arbre g\u00e9n\u00e9reux <\/i><\/span><\/span><span style=\"font-family: Arial, sans-serif;\"><span style=\"font-size: small;\">\/ Shel Silverstein <\/span><\/span><\/span><\/p>\n<p><span style=\"font-family: Calibri, sans-serif;\"><span style=\"font-family: Arial, sans-serif;\"><span style=\"font-size: small;\">&#8211;<\/span><\/span><span style=\"font-family: Arial, sans-serif;\"><span style=\"font-size: small;\"><i>L\u2019arbre merveilleux <\/i><\/span><\/span><span style=\"font-family: Arial, sans-serif;\"><span style=\"font-size: small;\">\/ Anne Herbauts <\/span><\/span><\/span><\/p>\n<p><span style=\"font-family: Calibri, sans-serif;\"><span style=\"font-family: Arial, sans-serif;\"><span style=\"font-size: small;\">&#8211;<\/span><\/span><span style=\"font-family: Arial, sans-serif;\"><span style=\"font-size: small;\"><i>Le jour o\u00f9 le grand ch\u00eane est tomb\u00e9 <\/i><\/span><\/span><span style=\"font-family: Arial, sans-serif;\"><span style=\"font-size: small;\">\/ Gauthier David <\/span><\/span><\/span><\/p>\n<p><span style=\"font-family: Calibri, sans-serif;\"><span style=\"font-family: Arial, sans-serif;\"><span style=\"font-size: small;\">&#8211;<\/span><\/span><span style=\"font-family: Arial, sans-serif;\"><span style=\"font-size: small;\"><i>Beau voyage <\/i><\/span><\/span><span style=\"font-family: Arial, sans-serif;\"><span style=\"font-size: small;\">\/ Samuel Ribeyron<\/span><\/span><\/span><\/p>\n<p align=\"justify\"><span style=\"color: #000000;\"><span style=\"font-family: Arial, sans-serif;\"><span style=\"font-size: small;\">&#8211;<\/span><\/span><\/span><span style=\"color: #000000;\"><span style=\"font-family: Arial, sans-serif;\"><span style=\"font-size: small;\"><i>Amies jusqu\u2019au bout des feuilles <\/i><\/span><\/span><\/span><span style=\"color: #000000;\"><span style=\"font-family: Arial, sans-serif;\"><span style=\"font-size: small;\">\/ Album \u00e9crit par des \u00e9l\u00e8ves de CM2 de Vernosc suite \u00e0 un concours d\u2019\u00e9criture organis\u00e9 par la FOL07<\/span><\/span><\/span><\/p>\n","protected":false},"excerpt":{"rendered":"<p>Jeu de piste&nbsp;avec l\u2019association M\u00e9diacom \u00e0 partir d&rsquo;une s\u00e9lection de livres sur la th\u00e9matique des arbres&nbsp;: &#8211;Le baron perch\u00e9 \/ Italo Calvino &#8211;Voyage au pays des arbres \/ Le Clezio &#8211;L\u2019arbre lecteur \/ Davide Cali -L\u2019arbre en bois \/ Philippe Corentin &#8211;L\u2019arbre sans fin \/ Claude Ponty &#8211;Les deux vieux \u2026<\/p>\n<p class=\"continue-reading-button\"> <a class=\"continue-reading-link\" href=\"https:\/\/lecturessurlherbe.fr\/index.php\/2019\/05\/04\/jeu-de-piste\/\">Lire la suite<i class=\"crycon-right-dir\"><\/i><\/a><\/p>\n","protected":false},"author":1,"featured_media":0,"comment_status":"closed","ping_status":"open","sticky":false,"template":"","format":"standard","meta":{"footnotes":""},"categories":[7,2,3,1,10],"tags":[],"class_list":["post-274","post","type-post","status-publish","format-standard","hentry","category-peyroche","category-lundi-16-juillet","category-mardi-17-juillet","category-non-classe","category-place-de-la-mairie-grospierres"],"_links":{"self":[{"href":"https:\/\/lecturessurlherbe.fr\/index.php\/wp-json\/wp\/v2\/posts\/274","targetHints":{"allow":["GET"]}}],"collection":[{"href":"https:\/\/lecturessurlherbe.fr\/index.php\/wp-json\/wp\/v2\/posts"}],"about":[{"href":"https:\/\/lecturessurlherbe.fr\/index.php\/wp-json\/wp\/v2\/types\/post"}],"author":[{"embeddable":true,"href":"https:\/\/lecturessurlherbe.fr\/index.php\/wp-json\/wp\/v2\/users\/1"}],"replies":[{"embeddable":true,"href":"https:\/\/lecturessurlherbe.fr\/index.php\/wp-json\/wp\/v2\/comments?post=274"}],"version-history":[{"count":2,"href":"https:\/\/lecturessurlherbe.fr\/index.php\/wp-json\/wp\/v2\/posts\/274\/revisions"}],"predecessor-version":[{"id":360,"href":"https:\/\/lecturessurlherbe.fr\/index.php\/wp-json\/wp\/v2\/posts\/274\/revisions\/360"}],"wp:attachment":[{"href":"https:\/\/lecturessurlherbe.fr\/index.php\/wp-json\/wp\/v2\/media?parent=274"}],"wp:term":[{"taxonomy":"category","embeddable":true,"href":"https:\/\/lecturessurlherbe.fr\/index.php\/wp-json\/wp\/v2\/categories?post=274"},{"taxonomy":"post_tag","embeddable":true,"href":"https:\/\/lecturessurlherbe.fr\/index.php\/wp-json\/wp\/v2\/tags?post=274"}],"curies":[{"name":"wp","href":"https:\/\/api.w.org\/{rel}","templated":true}]}}